{"id":2065,"date":"2021-02-07T10:09:30","date_gmt":"2021-02-07T09:09:30","guid":{"rendered":"https:\/\/cptcl.fr\/?p=2065"},"modified":"2025-12-31T17:19:00","modified_gmt":"2025-12-31T16:19:00","slug":"les-petits-curieux","status":"publish","type":"post","link":"https:\/\/cptcl.fr\/index.php\/2021\/02\/07\/les-petits-curieux\/","title":{"rendered":"\u00ab\u00a0Les Petits Curieux\u00a0\u00bb"},"content":{"rendered":"\n<!DOCTYPE html>\n<html lang=\"fr\">\n<head>\n    <meta charset=\"UTF-8\">\n    <meta name=\"viewport\" content=\"width=device-width, initial-scale=1.0\">\n    <title>Les Petits Curieux : Le Myst\u00e8re des Trolleybus de Limoges<\/title>\n    <style>\n        :root {\n            --stclm-blue: #1e3c72;\n            --stclm-red: #db2028;\n            --light-bg: #f4f7f9;\n            --note-amber: #fff3cd;\n        }\n\n        * {\n            box-sizing: border-box;\n            margin: 0;\n            padding: 0;\n            font-family: 'Helvetica Neue', Arial, sans-serif;\n        }\n\n        body {\n            background-color: var(--light-bg);\n            color: #333;\n            line-height: 1.7;\n            padding-bottom: 50px;\n        }\n\n        .journal-header {\n            background: white;\n            padding: 30px 20px;\n            text-align: center;\n            border-bottom: 5px solid var(--stclm-blue);\n        }\n\n        .journal-header h1 {\n            font-size: 2.2rem;\n            color: var(--stclm-blue);\n            text-transform: uppercase;\n        }\n\n        .sub-header {\n            color: var(--stclm-red);\n            font-weight: bold;\n            font-size: 1.1rem;\n        }\n\n        .main-content {\n            max-width: 850px;\n            margin: 30px auto;\n            padding: 0 15px;\n        }\n\n        .article-body {\n            background: white;\n            padding: 30px;\n            border-radius: 4px;\n            box-shadow: 0 4px 15px rgba(0,0,0,0.05);\n        }\n\n        .video-container {\n            margin: 25px 0;\n            border: 3px solid var(--stclm-blue);\n            border-radius: 8px;\n            overflow: hidden;\n            background: #000;\n        }\n\n        video { width: 100%; display: block; }\n\n        .quote-box {\n            background: #f9f9f9;\n            border-left: 8px solid var(--stclm-red);\n            padding: 20px;\n            margin: 30px 0;\n            font-style: italic;\n            font-size: 1.1rem;\n        }\n\n        \/* Style pour la correction historique *\/\n        .history-note {\n            background-color: var(--note-amber);\n            border: 1px solid #ffeeba;\n            color: #856404;\n            padding: 15px;\n            border-radius: 5px;\n            margin: 20px 0;\n            font-size: 0.95rem;\n            display: flex;\n            align-items: center;\n        }\n\n        .history-note::before {\n            content: \"\ud83d\udcdc\";\n            margin-right: 15px;\n            font-size: 1.5rem;\n        }\n\n        .author-info {\n            margin-top: 30px;\n            padding: 15px;\n            background: #eef2f7;\n            border-radius: 8px;\n        }\n\n        @media (max-width: 600px) {\n            .journal-header h1 { font-size: 1.6rem; }\n            .article-body { padding: 20px; }\n        }\n    <\/style>\n<\/head>\n<body>\n\n    <header class=\"journal-header\">\n        <h1>Les Petits Curieux<\/h1>\n        <div class=\"sub-header\">En partenariat avec Le Populaire du Centre<\/div>\n    <\/header>\n\n    <div class=\"main-content\">\n        <article class=\"article-body\">\n            \n            <p style=\"font-size: 1.15rem; font-weight: 500; color: #444; margin-bottom: 25px;\">\n                Tous les petits curieux qui se prom\u00e8nent le nez en l\u2019air dans les rues de Limoges les ont forc\u00e9ment remarqu\u00e9s ! \n            <\/p>\n\n            <p>\n                Quoi ? Ces dr\u00f4les de bus avec des antennes \u00e0 l\u2019arri\u00e8re accroch\u00e9es \u00e0 des fils dans le ciel\u2026 Certains sont peut-\u00eatre m\u00eame mont\u00e9s \u00e0 l\u2019int\u00e9rieur ? Il s\u2019agit des <strong>trolleybus<\/strong>. \n            <\/p>\n\n            <div class=\"video-container\">\n                <video controls>\n                    <source src=\"https:\/\/cptcl.fr\/wp-content\/uploads\/2021\/02\/Les-Petits-Curieux-du-Limousin-19-_-cest-quoi-ces-droles-de-bus-a-Limoges-avec-des-antennes-accrochees-a-des-fils-_-Limoges-87000-Google-Chrome-2021-01-27-17-51-44.mp4\" type=\"video\/mp4\">\n                <\/video>\n            <\/div>\n\n            <h2>L&rsquo;explication de l&rsquo;expert<\/h2>\n\n            <div class=\"quote-box\">\n                \u00ab Les trolleybus sont les descendants des tramways sauf qu\u2019on a enlev\u00e9 les rails et rajout\u00e9 des roues \u00bb\n            <\/div>\n\n            <p>\n                C&rsquo;est ainsi que s&rsquo;amuse \u00e0 d\u00e9crire ces v\u00e9hicules <strong>Patrick Subileau<\/strong>, conducteur volubile et jovial de la STCLM. \n                Lors de cet \u00e9change, Patrick rappelle que ces engins circulent \u00e0 Limoges depuis de nombreuses d\u00e9cennies.\n            <\/p>\n\n            <div class=\"history-note\">\n                <strong>Le petit point d&rsquo;histoire :<\/strong> Bien que Patrick mentionne une date proche, les archives nous rappellent que le premier trolleybus a officiellement circul\u00e9 dans les rues de Limoges le <strong>14 juillet 1943<\/strong>, en remplacement de la ligne de tramway Gare-Place Carnot.\n            <\/div>\n\n            <p>\n                Aujourd&rsquo;hui, Limoges reste une exception fran\u00e7aise. \u00ab On en trouve aussi \u00e0 Lyon ou encore en Suisse \u00bb, pr\u00e9cise Patrick Subileau, fier de ce patrimoine qui allie modernit\u00e9 et \u00e9cologie.\n            <\/p>\n\n            <div class=\"author-info\">\n                <strong>Patrick Subileau<\/strong>, <br>\n                <em>Conducteur de bus et secr\u00e9taire de l\u2019Association CPTCL.<\/em>\n            <\/div>\n\n            <footer style=\"margin-top: 40px; text-align: center; font-size: 0.85rem; color: #777;\">\n                D&rsquo;apr\u00e8s la rubrique \u00ab Les Petits Curieux \u00bb du <strong>Populaire du Centre<\/strong>.\n            <\/footer>\n\n        <\/article>\n    <\/div>\n\n<\/body>\n<\/html>\n","protected":false},"excerpt":{"rendered":"<p>Les Petits Curieux : Le Myst\u00e8re des Trolleybus de Limoges Les Petits Curieux En partenariat avec Le Populaire du Centre [&hellip;]<\/p>\n","protected":false},"author":1,"featured_media":2079,"comment_status":"open","ping_status":"open","sticky":false,"template":"","format":"standard","meta":{"site-sidebar-layout":"default","site-content-layout":"","ast-site-content-layout":"default","site-content-style":"default","site-sidebar-style":"default","ast-global-header-display":"","ast-banner-title-visibility":"","ast-main-header-display":"","ast-hfb-above-header-display":"","ast-hfb-below-header-display":"","ast-hfb-mobile-header-display":"","site-post-title":"","ast-breadcrumbs-content":"","ast-featured-img":"","footer-sml-layout":"","theme-transparent-header-meta":"","adv-header-id-meta":"","stick-header-meta":"","header-above-stick-meta":"","header-main-stick-meta":"","header-below-stick-meta":"","astra-migrate-meta-layouts":"default","ast-page-background-enabled":"default","ast-page-background-meta":{"desktop":{"background-color":"var(--ast-global-color-5)","background-image":"","background-repeat":"repeat","background-position":"center center","background-size":"auto","background-attachment":"scroll","background-type":"","background-media":"","overlay-type":"","overlay-color":"","overlay-opacity":"","overlay-gradient":""},"tablet":{"background-color":"","background-image":"","background-repeat":"repeat","background-position":"center center","background-size":"auto","background-attachment":"scroll","background-type":"","background-media":"","overlay-type":"","overlay-color":"","overlay-opacity":"","overlay-gradient":""},"mobile":{"background-color":"","background-image":"","background-repeat":"repeat","background-position":"center center","background-size":"auto","background-attachment":"scroll","background-type":"","background-media":"","overlay-type":"","overlay-color":"","overlay-opacity":"","overlay-gradient":""}},"ast-content-background-meta":{"desktop":{"background-color":"var(--ast-global-color-4)","background-image":"","background-repeat":"repeat","background-position":"center center","background-size":"auto","background-attachment":"scroll","background-type":"","background-media":"","overlay-type":"","overlay-color":"","overlay-opacity":"","overlay-gradient":""},"tablet":{"background-color":"var(--ast-global-color-4)","background-image":"","background-repeat":"repeat","background-position":"center center","background-size":"auto","background-attachment":"scroll","background-type":"","background-media":"","overlay-type":"","overlay-color":"","overlay-opacity":"","overlay-gradient":""},"mobile":{"background-color":"var(--ast-global-color-4)","background-image":"","background-repeat":"repeat","background-position":"center center","background-size":"auto","background-attachment":"scroll","background-type":"","background-media":"","overlay-type":"","overlay-color":"","overlay-opacity":"","overlay-gradient":""}},"footnotes":""},"categories":[7,19,8],"tags":[],"class_list":["post-2065","post","type-post","status-publish","format-standard","has-post-thumbnail","hentry","category-evenements","category-infos-reseau","category-swisstrolley-4"],"_links":{"self":[{"href":"https:\/\/cptcl.fr\/index.php\/wp-json\/wp\/v2\/posts\/2065","targetHints":{"allow":["GET"]}}],"collection":[{"href":"https:\/\/cptcl.fr\/index.php\/wp-json\/wp\/v2\/posts"}],"about":[{"href":"https:\/\/cptcl.fr\/index.php\/wp-json\/wp\/v2\/types\/post"}],"author":[{"embeddable":true,"href":"https:\/\/cptcl.fr\/index.php\/wp-json\/wp\/v2\/users\/1"}],"replies":[{"embeddable":true,"href":"https:\/\/cptcl.fr\/index.php\/wp-json\/wp\/v2\/comments?post=2065"}],"version-history":[{"count":11,"href":"https:\/\/cptcl.fr\/index.php\/wp-json\/wp\/v2\/posts\/2065\/revisions"}],"predecessor-version":[{"id":7849,"href":"https:\/\/cptcl.fr\/index.php\/wp-json\/wp\/v2\/posts\/2065\/revisions\/7849"}],"wp:featuredmedia":[{"embeddable":true,"href":"https:\/\/cptcl.fr\/index.php\/wp-json\/wp\/v2\/media\/2079"}],"wp:attachment":[{"href":"https:\/\/cptcl.fr\/index.php\/wp-json\/wp\/v2\/media?parent=2065"}],"wp:term":[{"taxonomy":"category","embeddable":true,"href":"https:\/\/cptcl.fr\/index.php\/wp-json\/wp\/v2\/categories?post=2065"},{"taxonomy":"post_tag","embeddable":true,"href":"https:\/\/cptcl.fr\/index.php\/wp-json\/wp\/v2\/tags?post=2065"}],"curies":[{"name":"wp","href":"https:\/\/api.w.org\/{rel}","templated":true}]}}