{"id":1228,"date":"2019-05-01T11:39:00","date_gmt":"2019-05-01T09:39:00","guid":{"rendered":"https:\/\/cptcl.fr\/ml246926-ovh\/?p=1228"},"modified":"2026-01-09T07:38:22","modified_gmt":"2026-01-09T06:38:22","slug":"ligne-5-le-saviez-vous","status":"publish","type":"post","link":"https:\/\/cptcl.fr\/index.php\/2019\/05\/01\/ligne-5-le-saviez-vous\/","title":{"rendered":"Ligne 5 ! le saviez- vous ?"},"content":{"rendered":"\n<!DOCTYPE html>\n<html lang=\"fr\">\n<head>\n    <meta charset=\"UTF-8\">\n    <meta name=\"viewport\" content=\"width=device-width, initial-scale=1.0\">\n    <title>Patrimoine CPTCL : 68 ans de Ligne 5<\/title>\n    <link href=\"https:\/\/fonts.googleapis.com\/css2?family=Oswald:wght@500&#038;family=Poppins:wght@300;400;700&#038;display=swap\" rel=\"stylesheet\">\n    <style>\n        :root {\n            --accent: #ff9f1c;\n            --bg: #ffffff;\n            \/* D\u00e9grad\u00e9 : Bleu Roi, Bleu Ciel et Blanc *\/\n            --gradient-anim: linear-gradient(-45deg, #0056b3, #87ceeb, #ffffff, #0056b3, #87ceeb);\n        }\n\n        @keyframes gradientBG {\n            0% { background-position: 0% 50%; }\n            50% { background-position: 100% 50%; }\n            100% { background-position: 0% 50%; }\n        }\n\n        body {\n            margin: 0;\n            padding: 0;\n            font-family: 'Poppins', sans-serif;\n            background-color: var(--bg);\n            color: #1a1a1a;\n        }\n\n        header {\n            background: var(--gradient-anim);\n            background-size: 300% 300%;\n            animation: gradientBG 6s ease infinite;\n            color: white;\n            text-align: center;\n            padding: 50px 20px;\n            border-bottom: 5px solid var(--accent);\n            text-shadow: 1px 1px 3px rgba(0,0,0,0.2);\n        }\n\n        h1 {\n            font-family: 'Oswald', sans-serif;\n            margin: 0;\n            font-size: 2.5rem;\n            text-transform: uppercase;\n            letter-spacing: 3px;\n        }\n\n        .visual-area {\n            display: flex;\n            align-items: center;\n            justify-content: center;\n            padding: 60px 0;\n            background-color: #fcfcfc;\n        }\n\n        .side-decoration {\n            flex: 1;\n            height: 6px;\n            background: var(--gradient-anim);\n            background-size: 300% 300%;\n            animation: gradientBG 6s ease infinite;\n            margin: 0 60px;\n            border-radius: 3px;\n        }\n\n        .photo-frame {\n            width: 700px;\n            flex-shrink: 0;\n            background: #fff;\n            padding: 15px 15px 50px 15px;\n            box-shadow: 0 15px 35px rgba(0,0,0,0.1);\n            border: 1px solid #eee;\n            cursor: zoom-in;\n            transition: transform 0.3s ease;\n        }\n\n        .photo-frame:hover {\n            transform: scale(1.01);\n        }\n\n        .photo-frame img {\n            width: 100%;\n            display: block;\n        }\n\n        #lightbox {\n            display: none;\n            position: fixed;\n            z-index: 9999;\n            top: 0; left: 0; width: 100%; height: 100%;\n            background: rgba(255, 255, 255, 0.95);\n            align-items: center;\n            justify-content: center;\n            cursor: zoom-out;\n        }\n\n        #lightbox img {\n            max-width: 90%;\n            max-height: 85%;\n            box-shadow: 0 20px 60px rgba(0,0,0,0.3);\n            border: 10px solid white;\n        }\n\n        .main-article {\n            max-width: 950px;\n            margin: 40px auto;\n            background: white;\n            padding: 50px;\n            border-top: 5px solid #87ceeb;\n            border-bottom: 5px solid #0056b3;\n            box-shadow: 0 5px 20px rgba(0,0,0,0.05);\n        }\n\n        .intro-title {\n            font-size: 1.5rem;\n            font-weight: 700;\n            color: #0056b3;\n            margin-bottom: 25px;\n            text-transform: uppercase;\n            border-bottom: 2px solid #87ceeb;\n            display: inline-block;\n            padding-bottom: 5px;\n        }\n\n        .full-text {\n            font-size: 1.05rem;\n            line-height: 1.8;\n            text-align: justify;\n        }\n\n        .full-text p {\n            margin-bottom: 20px;\n        }\n\n        .did-you-know {\n            background-color: #f0f7ff;\n            padding: 30px;\n            margin-top: 40px;\n            border-left: 5px solid #0056b3;\n            border-radius: 0 10px 10px 0;\n        }\n\n        .metadata-box {\n            margin-top: 40px;\n            padding: 25px;\n            background: #f9f9f9;\n            border-left: 5px solid var(--accent);\n            font-size: 0.95rem;\n        }\n\n        .black-footer {\n            background-color: #ffffff;\n            color: #000000;\n            padding: 40px;\n            text-align: center;\n            font-weight: 700;\n            text-transform: uppercase;\n            letter-spacing: 2px;\n            border-top: 2px solid #000;\n        }\n\n        @media (max-width: 900px) {\n            .side-decoration { display: none; }\n            .photo-frame { width: 95%; }\n        }\n    <\/style>\n<\/head>\n<body>\n\n    <header>\n        <h1>68 ans de traction \u00e9lectrique sur la ligne 5 !<\/h1>\n    <\/header>\n\n    <section class=\"visual-area\">\n        <div class=\"side-decoration\"><\/div>\n        <div class=\"photo-frame\" onclick=\"openLightbox(this)\">\n            <img decoding=\"async\" src=\"https:\/\/cptcl.fr\/wp-content\/uploads\/2026\/01\/66088356_1646310488837805_8327883596295569408_n.jpg\" alt=\"Trolleybus Ligne 5 \u00e0 la Cornue\">\n        <\/div>\n        <div class=\"side-decoration\"><\/div>\n    <\/section>\n\n    <div id=\"lightbox\" onclick=\"closeLightbox()\">\n        <img decoding=\"async\" id=\"lightbox-img\" src=\"\">\n    <\/div>\n\n    <main class=\"main-article\">\n        <div class=\"intro-title\">Un peu d&rsquo;histoire&#8230;<\/div>\n        \n        <div class=\"full-text\">\n            <p>La ligne 5 du r\u00e9seau de Limoges est un pilier historique de la traction \u00e9lectrique dans la ville. Le 2 mars 1951, la ligne 5 \u00e9tait exploit\u00e9e en trolleybus entre Fran\u00e7ois Perrin et la Gare des B\u00e9n\u00e9dictins.<\/p>\n            \n            <p>Depuis plus de six d\u00e9cennies, cet axe a assur\u00e9 une liaison silencieuse et \u00e9cologique. Le clich\u00e9 pr\u00e9sent\u00e9 ici nous transporte en ao\u00fbt 2008, au terminus de la Cornue, o\u00f9 un trolleybus Renault ER100H stationne fi\u00e8rement sous ses lignes a\u00e9riennes avant de reprendre son service.<\/p>\n            \n            <p>Ce t\u00e9moignage visuel illustre la p\u00e9rennit\u00e9 d&rsquo;un mode de transport qui a su traverser les \u00e9poques tout en restant une solution de mobilit\u00e9 moderne pour les habitants de Limoges.<\/p>\n\n            <div class=\"did-you-know\">\n                <div class=\"intro-title\" style=\"font-size: 1.2rem; color: #d62828; border-bottom-color: #d62828;\">Le saviez-vous ?<\/div>\n                <p style=\"margin-top: 15px;\">Si le 14 juillet est le jour de la f\u00eate nationale, elle co\u00efncidera cette ann\u00e9e avec le 76e anniversaire de l&rsquo;ouverture du r\u00e9seau trolleybus de Limoges.<\/p>\n                <p>Le 14 juillet 1943, les premiers trolleys s&rsquo;\u00e9lan\u00e7aient entre Baudin et la place Carnot en pleine occupation allemande. La date n&rsquo;\u00e9tait certainement pas anodine mais il n&rsquo;existe pas de photographie illustrant cette manifestation : les trolleybus \u00e9taient-ils pavois\u00e9s aux couleurs nationales ? Quelle fut l&rsquo;attitude des troupes d&rsquo;occupation ce jour-l\u00e0 ?<\/p>\n            <\/div>\n        <\/div>\n\n        <div class=\"metadata-box\">\n            <strong>Photo :<\/strong> Vincent Lobjois en ao\u00fbt 2008, au terminus de la Cornue.<br>\n            <strong>Archives :<\/strong> Patrimoine CPTCL.\n        <\/div>\n    <\/main>\n\n    <div class=\"black-footer\">\n        Patrimoine Archive CPTCL \u2022 2019\n    <\/div>\n\n    <script>\n        function openLightbox(element) {\n            const imgSrc = element.querySelector('img').src;\n            document.getElementById('lightbox-img').src = imgSrc;\n            document.getElementById('lightbox').style.display = 'flex';\n        }\n\n        function closeLightbox() {\n            document.getElementById('lightbox').style.display = 'none';\n        }\n    <\/script>\n\n<\/body>\n<\/html>\n\n\n\n<figure class=\"wp-block-image aligncenter size-large is-resized is-style-default\"><img loading=\"lazy\" decoding=\"async\" width=\"551\" height=\"281\" src=\"https:\/\/cptcl.fr\/wp-content\/uploads\/2019\/12\/logo-cptcl.jpg\" alt=\"\" class=\"wp-image-1114\" style=\"width:206px;height:105px\" srcset=\"https:\/\/cptcl.fr\/wp-content\/uploads\/2019\/12\/logo-cptcl.jpg 551w, https:\/\/cptcl.fr\/wp-content\/uploads\/2019\/12\/logo-cptcl-300x153.jpg 300w\" sizes=\"auto, (max-width: 551px) 100vw, 551px\" \/><\/figure>\n","protected":false},"excerpt":{"rendered":"<p>Patrimoine CPTCL : 68 ans de Ligne 5 68 ans de traction \u00e9lectrique sur la ligne 5 ! Un peu [&hellip;]<\/p>\n","protected":false},"author":2,"featured_media":7981,"comment_status":"open","ping_status":"open","sticky":false,"template":"","format":"standard","meta":{"site-sidebar-layout":"default","site-content-layout":"","ast-site-content-layout":"default","site-content-style":"default","site-sidebar-style":"default","ast-global-header-display":"","ast-banner-title-visibility":"","ast-main-header-display":"","ast-hfb-above-header-display":"","ast-hfb-below-header-display":"","ast-hfb-mobile-header-display":"","site-post-title":"","ast-breadcrumbs-content":"","ast-featured-img":"","footer-sml-layout":"","theme-transparent-header-meta":"","adv-header-id-meta":"","stick-header-meta":"","header-above-stick-meta":"","header-main-stick-meta":"","header-below-stick-meta":"","astra-migrate-meta-layouts":"default","ast-page-background-enabled":"default","ast-page-background-meta":{"desktop":{"background-color":"var(--ast-global-color-5)","background-image":"","background-repeat":"repeat","background-position":"center center","background-size":"auto","background-attachment":"scroll","background-type":"","background-media":"","overlay-type":"","overlay-color":"","overlay-opacity":"","overlay-gradient":""},"tablet":{"background-color":"","background-image":"","background-repeat":"repeat","background-position":"center center","background-size":"auto","background-attachment":"scroll","background-type":"","background-media":"","overlay-type":"","overlay-color":"","overlay-opacity":"","overlay-gradient":""},"mobile":{"background-color":"","background-image":"","background-repeat":"repeat","background-position":"center center","background-size":"auto","background-attachment":"scroll","background-type":"","background-media":"","overlay-type":"","overlay-color":"","overlay-opacity":"","overlay-gradient":""}},"ast-content-background-meta":{"desktop":{"background-color":"var(--ast-global-color-4)","background-image":"","background-repeat":"repeat","background-position":"center center","background-size":"auto","background-attachment":"scroll","background-type":"","background-media":"","overlay-type":"","overlay-color":"","overlay-opacity":"","overlay-gradient":""},"tablet":{"background-color":"var(--ast-global-color-4)","background-image":"","background-repeat":"repeat","background-position":"center center","background-size":"auto","background-attachment":"scroll","background-type":"","background-media":"","overlay-type":"","overlay-color":"","overlay-opacity":"","overlay-gradient":""},"mobile":{"background-color":"var(--ast-global-color-4)","background-image":"","background-repeat":"repeat","background-position":"center center","background-size":"auto","background-attachment":"scroll","background-type":"","background-media":"","overlay-type":"","overlay-color":"","overlay-opacity":"","overlay-gradient":""}},"footnotes":""},"categories":[2,6],"tags":[],"class_list":["post-1228","post","type-post","status-publish","format-standard","has-post-thumbnail","hentry","category-ancien-trolleys","category-er-100"],"_links":{"self":[{"href":"https:\/\/cptcl.fr\/index.php\/wp-json\/wp\/v2\/posts\/1228","targetHints":{"allow":["GET"]}}],"collection":[{"href":"https:\/\/cptcl.fr\/index.php\/wp-json\/wp\/v2\/posts"}],"about":[{"href":"https:\/\/cptcl.fr\/index.php\/wp-json\/wp\/v2\/types\/post"}],"author":[{"embeddable":true,"href":"https:\/\/cptcl.fr\/index.php\/wp-json\/wp\/v2\/users\/2"}],"replies":[{"embeddable":true,"href":"https:\/\/cptcl.fr\/index.php\/wp-json\/wp\/v2\/comments?post=1228"}],"version-history":[{"count":10,"href":"https:\/\/cptcl.fr\/index.php\/wp-json\/wp\/v2\/posts\/1228\/revisions"}],"predecessor-version":[{"id":7982,"href":"https:\/\/cptcl.fr\/index.php\/wp-json\/wp\/v2\/posts\/1228\/revisions\/7982"}],"wp:featuredmedia":[{"embeddable":true,"href":"https:\/\/cptcl.fr\/index.php\/wp-json\/wp\/v2\/media\/7981"}],"wp:attachment":[{"href":"https:\/\/cptcl.fr\/index.php\/wp-json\/wp\/v2\/media?parent=1228"}],"wp:term":[{"taxonomy":"category","embeddable":true,"href":"https:\/\/cptcl.fr\/index.php\/wp-json\/wp\/v2\/categories?post=1228"},{"taxonomy":"post_tag","embeddable":true,"href":"https:\/\/cptcl.fr\/index.php\/wp-json\/wp\/v2\/tags?post=1228"}],"curies":[{"name":"wp","href":"https:\/\/api.w.org\/{rel}","templated":true}]}}